{"id":1011,"date":"2012-11-01T19:48:46","date_gmt":"2012-11-01T18:48:46","guid":{"rendered":"http:\/\/serradetramuntana.eu\/?p=1011"},"modified":"2013-02-12T11:56:20","modified_gmt":"2013-02-12T10:56:20","slug":"vuelven-a-cobrar-para-subir-al-puig-de-massanella","status":"publish","type":"post","link":"https:\/\/serradetramuntana.eu\/?p=1011","title":{"rendered":"Vuelven a cobrar para subir al Puig de Massanella"},"content":{"rendered":"<span class=\"veure-molts\"><\/span>Para entrar a la finca de Comafreda, que es el paso m\u00e1s conocido hacia el Puig de Massanella desde el Coll de sa Batalla, debemos pasar de nuevo por l\u00ednea de caja. No lo he comprobado personalmente, pero varios monta\u00f1eros me lo han confirmado.<br\/>\r\n\r\n <a href=\"https:\/\/serradetramuntana.eu\/?p=1011#more-\" class=\"more-link\">Sigue leyendo <span class=\"meta-nav\">&rarr;<\/span><\/a>","protected":false},"excerpt":{"rendered":null,"protected":false},"author":4,"featured_media":1014,"comment_status":"open","ping_status":"closed","sticky":false,"template":"","format":"standard","meta":[],"categories":[1,5],"tags":[],"_links":{"self":[{"href":"https:\/\/serradetramuntana.eu\/index.php?rest_route=\/wp\/v2\/posts\/1011"}],"collection":[{"href":"https:\/\/serradetramuntana.eu\/index.php?rest_route=\/wp\/v2\/posts"}],"about":[{"href":"https:\/\/serradetramuntana.eu\/index.php?rest_route=\/wp\/v2\/types\/post"}],"author":[{"embeddable":true,"href":"https:\/\/serradetramuntana.eu\/index.php?rest_route=\/wp\/v2\/users\/4"}],"replies":[{"embeddable":true,"href":"https:\/\/serradetramuntana.eu\/index.php?rest_route=%2Fwp%2Fv2%2Fcomments&post=1011"}],"version-history":[{"count":0,"href":"https:\/\/serradetramuntana.eu\/index.php?rest_route=\/wp\/v2\/posts\/1011\/revisions"}],"wp:featuredmedia":[{"embeddable":true,"href":"https:\/\/serradetramuntana.eu\/index.php?rest_route=\/wp\/v2\/media\/1014"}],"wp:attachment":[{"href":"https:\/\/serradetramuntana.eu\/index.php?rest_route=%2Fwp%2Fv2%2Fmedia&parent=1011"}],"wp:term":[{"taxonomy":"category","embeddable":true,"href":"https:\/\/serradetramuntana.eu\/index.php?rest_route=%2Fwp%2Fv2%2Fcategories&post=1011"},{"taxonomy":"post_tag","embeddable":true,"href":"https:\/\/serradetramuntana.eu\/index.php?rest_route=%2Fwp%2Fv2%2Ftags&post=1011"}],"curies":[{"name":"wp","href":"https:\/\/api.w.org\/{rel}","templated":true}]}}