{"id":1150,"date":"2013-01-05T01:07:40","date_gmt":"2013-01-05T00:07:40","guid":{"rendered":"http:\/\/serradetramuntana.eu\/?p=1150"},"modified":"2013-02-12T11:56:20","modified_gmt":"2013-02-12T10:56:20","slug":"sa-coma-den-vidal-formara-parte-de-la-ruta-de-pedra-en-sec","status":"publish","type":"post","link":"https:\/\/serradetramuntana.eu\/?p=1150","title":{"rendered":"Sa Coma d&#8217;en Vidal formar\u00e1 parte de la Ruta de Pedra en Sec"},"content":{"rendered":"<span class=\"veure-molts\"><\/span>El Govern ha desistido de su intento de sacar a subasta esta finca, para recaudar fondos, y la ha cedido al Consell. \u00c9ste la incluir\u00e1 en la Ruta de Pedra en Sec y dispondr\u00e1 de 25 a\u00f1os para su explotaci\u00f3n con fines medioambientales. Simplemente, el que no pase a manos privadas que impidan el paso por la finca, ya es una buena noticia para los monta\u00f1eros. Puedes leer la noticia completa en el siguiente enlace al <a href=\"http:\/\/www.diariodemallorca.es\/part-forana\/2013\/01\/03\/govern-descarta-venta-coma-den-vidal-cede-gratis-finca-consell\/817817.html\" target=\"_blank\">Diario de Mallorca<\/a>. <a href=\"https:\/\/serradetramuntana.eu\/?p=1150#more-\" class=\"more-link\">Sigue leyendo <span class=\"meta-nav\">&rarr;<\/span><\/a>","protected":false},"excerpt":{"rendered":null,"protected":false},"author":4,"featured_media":1163,"comment_status":"open","ping_status":"closed","sticky":false,"template":"","format":"standard","meta":[],"categories":[1,5],"tags":[],"_links":{"self":[{"href":"https:\/\/serradetramuntana.eu\/index.php?rest_route=\/wp\/v2\/posts\/1150"}],"collection":[{"href":"https:\/\/serradetramuntana.eu\/index.php?rest_route=\/wp\/v2\/posts"}],"about":[{"href":"https:\/\/serradetramuntana.eu\/index.php?rest_route=\/wp\/v2\/types\/post"}],"author":[{"embeddable":true,"href":"https:\/\/serradetramuntana.eu\/index.php?rest_route=\/wp\/v2\/users\/4"}],"replies":[{"embeddable":true,"href":"https:\/\/serradetramuntana.eu\/index.php?rest_route=%2Fwp%2Fv2%2Fcomments&post=1150"}],"version-history":[{"count":0,"href":"https:\/\/serradetramuntana.eu\/index.php?rest_route=\/wp\/v2\/posts\/1150\/revisions"}],"wp:featuredmedia":[{"embeddable":true,"href":"https:\/\/serradetramuntana.eu\/index.php?rest_route=\/wp\/v2\/media\/1163"}],"wp:attachment":[{"href":"https:\/\/serradetramuntana.eu\/index.php?rest_route=%2Fwp%2Fv2%2Fmedia&parent=1150"}],"wp:term":[{"taxonomy":"category","embeddable":true,"href":"https:\/\/serradetramuntana.eu\/index.php?rest_route=%2Fwp%2Fv2%2Fcategories&post=1150"},{"taxonomy":"post_tag","embeddable":true,"href":"https:\/\/serradetramuntana.eu\/index.php?rest_route=%2Fwp%2Fv2%2Ftags&post=1150"}],"curies":[{"name":"wp","href":"https:\/\/api.w.org\/{rel}","templated":true}]}}