{"id":1298,"date":"2013-02-24T21:32:50","date_gmt":"2013-02-24T20:32:50","guid":{"rendered":"http:\/\/serradetramuntana.eu\/?p=1298"},"modified":"2013-05-29T11:56:19","modified_gmt":"2013-05-29T10:56:19","slug":"paseo-por-lluc-y-binifaldo-bajo-la-nieve","status":"publish","type":"post","link":"https:\/\/serradetramuntana.eu\/?p=1298","title":{"rendered":"Paseo por Lluc y Binifald\u00f3 bajo la nieve"},"content":{"rendered":"<span class=\"veure-molts\"><\/span>Este s\u00e1bado, como estaba claro que iba a nevar y no queriendo arriesgarnos con la mala previsi\u00f3n que hab\u00eda, nos decidimos a realizar m\u00e1s que una ruta, un paseo, para descubrir esos sitios que hab\u00eda o\u00eddo hablar mucho, pero que nunca hab\u00eda visitado.<br\/>\r\n\r\nNo conoc\u00eda el famoso camello de Lluc, ni la cueva de la Cometa des Morts. As\u00ed que con Daniel, nos decidimos a dar una vuelta, que al final fueron cerca de 16 km.<br\/>\r\n\r\n <a href=\"https:\/\/serradetramuntana.eu\/?p=1298#more-\" class=\"more-link\">Sigue leyendo <span class=\"meta-nav\">&rarr;<\/span><\/a>","protected":false},"excerpt":{"rendered":null,"protected":false},"author":4,"featured_media":1301,"comment_status":"open","ping_status":"closed","sticky":false,"template":"","format":"standard","meta":[],"categories":[1,5],"tags":[],"_links":{"self":[{"href":"https:\/\/serradetramuntana.eu\/index.php?rest_route=\/wp\/v2\/posts\/1298"}],"collection":[{"href":"https:\/\/serradetramuntana.eu\/index.php?rest_route=\/wp\/v2\/posts"}],"about":[{"href":"https:\/\/serradetramuntana.eu\/index.php?rest_route=\/wp\/v2\/types\/post"}],"author":[{"embeddable":true,"href":"https:\/\/serradetramuntana.eu\/index.php?rest_route=\/wp\/v2\/users\/4"}],"replies":[{"embeddable":true,"href":"https:\/\/serradetramuntana.eu\/index.php?rest_route=%2Fwp%2Fv2%2Fcomments&post=1298"}],"version-history":[{"count":0,"href":"https:\/\/serradetramuntana.eu\/index.php?rest_route=\/wp\/v2\/posts\/1298\/revisions"}],"wp:featuredmedia":[{"embeddable":true,"href":"https:\/\/serradetramuntana.eu\/index.php?rest_route=\/wp\/v2\/media\/1301"}],"wp:attachment":[{"href":"https:\/\/serradetramuntana.eu\/index.php?rest_route=%2Fwp%2Fv2%2Fmedia&parent=1298"}],"wp:term":[{"taxonomy":"category","embeddable":true,"href":"https:\/\/serradetramuntana.eu\/index.php?rest_route=%2Fwp%2Fv2%2Fcategories&post=1298"},{"taxonomy":"post_tag","embeddable":true,"href":"https:\/\/serradetramuntana.eu\/index.php?rest_route=%2Fwp%2Fv2%2Ftags&post=1298"}],"curies":[{"name":"wp","href":"https:\/\/api.w.org\/{rel}","templated":true}]}}