{"id":1312,"date":"2013-02-24T22:13:41","date_gmt":"2013-02-24T21:13:41","guid":{"rendered":"http:\/\/serradetramuntana.eu\/?p=1312"},"modified":"2013-05-29T12:31:57","modified_gmt":"2013-05-29T11:31:57","slug":"seguiremos-teniendo-el-paso-restringido-en-el-cami-de-ternelles","status":"publish","type":"post","link":"https:\/\/serradetramuntana.eu\/?p=1312","title":{"rendered":"Seguiremos teniendo el paso restringido en el Cam\u00ed de Ternelles"},"content":{"rendered":"<span class=\"veure-molts\"><\/span>La Audiencia Provincial ha dado la raz\u00f3n a la propiedad del camino y los senderistas sudaremos m\u00e1s para conseguir el permiso de paso que para realizar la ruta.<br\/>\r\n\r\nLa propiedad del camino, ha conseguido que no sea p\u00fablico y que \u00fanicamente quede como servidumbre de paso, por lo que \u00fanicamente lo podr\u00e1n transitar veinte personas al d\u00eda, previo permiso.<br\/>\r\n\r\n <a href=\"https:\/\/serradetramuntana.eu\/?p=1312#more-\" class=\"more-link\">Sigue leyendo <span class=\"meta-nav\">&rarr;<\/span><\/a>","protected":false},"excerpt":{"rendered":null,"protected":false},"author":4,"featured_media":1316,"comment_status":"open","ping_status":"closed","sticky":false,"template":"","format":"standard","meta":[],"categories":[1,5],"tags":[],"_links":{"self":[{"href":"https:\/\/serradetramuntana.eu\/index.php?rest_route=\/wp\/v2\/posts\/1312"}],"collection":[{"href":"https:\/\/serradetramuntana.eu\/index.php?rest_route=\/wp\/v2\/posts"}],"about":[{"href":"https:\/\/serradetramuntana.eu\/index.php?rest_route=\/wp\/v2\/types\/post"}],"author":[{"embeddable":true,"href":"https:\/\/serradetramuntana.eu\/index.php?rest_route=\/wp\/v2\/users\/4"}],"replies":[{"embeddable":true,"href":"https:\/\/serradetramuntana.eu\/index.php?rest_route=%2Fwp%2Fv2%2Fcomments&post=1312"}],"version-history":[{"count":0,"href":"https:\/\/serradetramuntana.eu\/index.php?rest_route=\/wp\/v2\/posts\/1312\/revisions"}],"wp:featuredmedia":[{"embeddable":true,"href":"https:\/\/serradetramuntana.eu\/index.php?rest_route=\/wp\/v2\/media\/1316"}],"wp:attachment":[{"href":"https:\/\/serradetramuntana.eu\/index.php?rest_route=%2Fwp%2Fv2%2Fmedia&parent=1312"}],"wp:term":[{"taxonomy":"category","embeddable":true,"href":"https:\/\/serradetramuntana.eu\/index.php?rest_route=%2Fwp%2Fv2%2Fcategories&post=1312"},{"taxonomy":"post_tag","embeddable":true,"href":"https:\/\/serradetramuntana.eu\/index.php?rest_route=%2Fwp%2Fv2%2Ftags&post=1312"}],"curies":[{"name":"wp","href":"https:\/\/api.w.org\/{rel}","templated":true}]}}