{"id":1778,"date":"2013-11-13T19:19:57","date_gmt":"2013-11-13T18:19:57","guid":{"rendered":"http:\/\/serradetramuntana.eu\/?p=1778"},"modified":"2013-11-13T19:19:57","modified_gmt":"2013-11-13T18:19:57","slug":"una-mas-sobre-los-caminos-cerrados","status":"publish","type":"post","link":"https:\/\/serradetramuntana.eu\/?p=1778","title":{"rendered":"Una m\u00e1s sobre los caminos cerrados"},"content":{"rendered":"<span class=\"veure-molts\"><\/span>El pasado viernes 8 de Noviembre, tuvo lugar en Sa F\u00e0brica d'Esporles la presentaci\u00f3n del dictamen pericial que Xavier Campillo ha realizado sobre los caminos de Es Rafal y Plan\u00edcia y m\u00e1s concretamente sobre el camino que une las poblaciones de Estellencs y Banyalbufar y que a su paso por la finca de Es Rafal est\u00e1 cerrado a \"cal y canto\". Este cierre est\u00e1 apoyado en una sentencia judicial que por lo visto no es definitiva y es por ello que el litigio todav\u00eda est\u00e1 en marcha.<br\/>\r\n\r\n <a href=\"https:\/\/serradetramuntana.eu\/?p=1778#more-\" class=\"more-link\">Sigue leyendo <span class=\"meta-nav\">&rarr;<\/span><\/a>","protected":false},"excerpt":{"rendered":null,"protected":false},"author":4,"featured_media":1779,"comment_status":"closed","ping_status":"closed","sticky":false,"template":"","format":"standard","meta":[],"categories":[1],"tags":[],"_links":{"self":[{"href":"https:\/\/serradetramuntana.eu\/index.php?rest_route=\/wp\/v2\/posts\/1778"}],"collection":[{"href":"https:\/\/serradetramuntana.eu\/index.php?rest_route=\/wp\/v2\/posts"}],"about":[{"href":"https:\/\/serradetramuntana.eu\/index.php?rest_route=\/wp\/v2\/types\/post"}],"author":[{"embeddable":true,"href":"https:\/\/serradetramuntana.eu\/index.php?rest_route=\/wp\/v2\/users\/4"}],"replies":[{"embeddable":true,"href":"https:\/\/serradetramuntana.eu\/index.php?rest_route=%2Fwp%2Fv2%2Fcomments&post=1778"}],"version-history":[{"count":0,"href":"https:\/\/serradetramuntana.eu\/index.php?rest_route=\/wp\/v2\/posts\/1778\/revisions"}],"wp:featuredmedia":[{"embeddable":true,"href":"https:\/\/serradetramuntana.eu\/index.php?rest_route=\/wp\/v2\/media\/1779"}],"wp:attachment":[{"href":"https:\/\/serradetramuntana.eu\/index.php?rest_route=%2Fwp%2Fv2%2Fmedia&parent=1778"}],"wp:term":[{"taxonomy":"category","embeddable":true,"href":"https:\/\/serradetramuntana.eu\/index.php?rest_route=%2Fwp%2Fv2%2Fcategories&post=1778"},{"taxonomy":"post_tag","embeddable":true,"href":"https:\/\/serradetramuntana.eu\/index.php?rest_route=%2Fwp%2Fv2%2Ftags&post=1778"}],"curies":[{"name":"wp","href":"https:\/\/api.w.org\/{rel}","templated":true}]}}