{"id":1830,"date":"2013-12-05T20:50:46","date_gmt":"2013-12-05T19:50:46","guid":{"rendered":"http:\/\/serradetramuntana.eu\/?p=1830"},"modified":"2013-12-05T22:28:29","modified_gmt":"2013-12-05T21:28:29","slug":"el-monumento-natural-de-les-fonts-ufanes","status":"publish","type":"post","link":"https:\/\/serradetramuntana.eu\/?p=1830","title":{"rendered":"El monumento natural de Les Fonts Ufanes"},"content":{"rendered":"<span class=\"veure-molts\"><\/span>Este fen\u00f3meno natural, se produce normalmente desde los meses de noviembre a abril, cuando llueve copiosamente en el macizo del Puig Tomir y sus alrededores. No es muy previsible su afloramiento, pero siempre brotan en las mismas zonas. Estas fuentes se encuentran en la finca p\u00fablica de Gabell\u00ed Petit, adquirida por el Govern de les Illes Balears en el a\u00f1o 2005\u00a0con el cofinanciamiento de la Uni\u00f3n Europea.<br\/>\r\n\r\nEl acceso m\u00e1s f\u00e1cil es desde la autopista de Palma-Alc\u00fadia, pasada la salida de Campanet y B\u00fager, hay otra indicada como Coves de Campanet. Siguiendo las indicaciones hacia las cuevas y las fuentes, no tiene p\u00e9rdida.<br\/>\r\n\r\n <a href=\"https:\/\/serradetramuntana.eu\/?p=1830#more-\" class=\"more-link\">Sigue leyendo <span class=\"meta-nav\">&rarr;<\/span><\/a>","protected":false},"excerpt":{"rendered":null,"protected":false},"author":4,"featured_media":1831,"comment_status":"open","ping_status":"closed","sticky":false,"template":"","format":"standard","meta":[],"categories":[1],"tags":[],"_links":{"self":[{"href":"https:\/\/serradetramuntana.eu\/index.php?rest_route=\/wp\/v2\/posts\/1830"}],"collection":[{"href":"https:\/\/serradetramuntana.eu\/index.php?rest_route=\/wp\/v2\/posts"}],"about":[{"href":"https:\/\/serradetramuntana.eu\/index.php?rest_route=\/wp\/v2\/types\/post"}],"author":[{"embeddable":true,"href":"https:\/\/serradetramuntana.eu\/index.php?rest_route=\/wp\/v2\/users\/4"}],"replies":[{"embeddable":true,"href":"https:\/\/serradetramuntana.eu\/index.php?rest_route=%2Fwp%2Fv2%2Fcomments&post=1830"}],"version-history":[{"count":0,"href":"https:\/\/serradetramuntana.eu\/index.php?rest_route=\/wp\/v2\/posts\/1830\/revisions"}],"wp:featuredmedia":[{"embeddable":true,"href":"https:\/\/serradetramuntana.eu\/index.php?rest_route=\/wp\/v2\/media\/1831"}],"wp:attachment":[{"href":"https:\/\/serradetramuntana.eu\/index.php?rest_route=%2Fwp%2Fv2%2Fmedia&parent=1830"}],"wp:term":[{"taxonomy":"category","embeddable":true,"href":"https:\/\/serradetramuntana.eu\/index.php?rest_route=%2Fwp%2Fv2%2Fcategories&post=1830"},{"taxonomy":"post_tag","embeddable":true,"href":"https:\/\/serradetramuntana.eu\/index.php?rest_route=%2Fwp%2Fv2%2Ftags&post=1830"}],"curies":[{"name":"wp","href":"https:\/\/api.w.org\/{rel}","templated":true}]}}