{"id":3116,"date":"2021-04-30T12:34:36","date_gmt":"2021-04-30T11:34:36","guid":{"rendered":"https:\/\/www.serradetramuntana.eu\/?p=3116"},"modified":"2021-05-15T20:42:08","modified_gmt":"2021-05-15T19:42:08","slug":"estupefacto-ante-una-barbaridad-de-medi-ambient","status":"publish","type":"post","link":"https:\/\/serradetramuntana.eu\/?p=3116","title":{"rendered":"Estupefacto ante una barbaridad de \u201cMedi Ambient\u201d"},"content":{"rendered":"<span class=\"veure-molts\"><\/span>Digo \u201cestupefacto\u201d y \u201cbarbaridad\u201d por ser correcto y no dejarme llevar por un primer impulso que me env\u00eda a la boca una serie de improperios, que prefiero m\u00e1s guardarme.<br\/>\r\n\r\n<a href=\"https:\/\/www.serradetramuntana.eu\/?attachment_id=3118\" rel=\"attachment wp-att-3118\"><img class=\"size-full wp-image-3118 alignleft\" src=\"https:\/\/www.serradetramuntana.eu\/wp-content\/uploads\/2021\/04\/comparativa_mapas_img_dest_2.jpg\" alt=\"\" width=\"348\" height=\"391\" \/><\/a>Esto viene a cuento del acta incoada por la Conseller\u00eda de Medi Ambient, de la mano de uno de sus agentes m\u00e1s celosos en el cuidado de la naturaleza y de que nadie la pueda estropear, contra la Editorial Alpina. Raz\u00f3n para ello: que esta editorial publica unos magn\u00edficos mapas que ayudan a los amantes de la naturaleza a salir a la Serra y disfrutar de la belleza del entorno, con much\u00edsima m\u00e1s informaci\u00f3n de la que ten\u00edamos antes de la publicaci\u00f3n de estos detallados mapas.<br\/>\r\n\r\nYa se ha dicho en otros medios, por pasiva y por activa, lo mucho que ayudan con su precisi\u00f3n de detalle, a los cuerpos de seguridad, bomberos y equipos de rescate, a la hora de localizar a las personas accidentadas.<br\/>\r\n\r\nNo quiero insistir mucho m\u00e1s en la utilidad de \u00e9stos, ya que est\u00e1 m\u00e1s que demostrada en los a\u00f1os que se llevan editando y el uso que todos los monta\u00f1eros le hemos dado y que hemos ido mejorando en las sucesivas ediciones, aportando todos los colaboradores \u2013entre los que tengo el orgullo contarme- nuevas informaciones, para conseguir que sean lo m\u00e1s preciso y actualizados posible.<br\/>\r\n\r\n <a href=\"https:\/\/serradetramuntana.eu\/?p=3116#more-\" class=\"more-link\">Sigue leyendo <span class=\"meta-nav\">&rarr;<\/span><\/a>","protected":false},"excerpt":{"rendered":null,"protected":false},"author":4,"featured_media":0,"comment_status":"open","ping_status":"closed","sticky":false,"template":"","format":"standard","meta":[],"categories":[1],"tags":[],"_links":{"self":[{"href":"https:\/\/serradetramuntana.eu\/index.php?rest_route=\/wp\/v2\/posts\/3116"}],"collection":[{"href":"https:\/\/serradetramuntana.eu\/index.php?rest_route=\/wp\/v2\/posts"}],"about":[{"href":"https:\/\/serradetramuntana.eu\/index.php?rest_route=\/wp\/v2\/types\/post"}],"author":[{"embeddable":true,"href":"https:\/\/serradetramuntana.eu\/index.php?rest_route=\/wp\/v2\/users\/4"}],"replies":[{"embeddable":true,"href":"https:\/\/serradetramuntana.eu\/index.php?rest_route=%2Fwp%2Fv2%2Fcomments&post=3116"}],"version-history":[{"count":0,"href":"https:\/\/serradetramuntana.eu\/index.php?rest_route=\/wp\/v2\/posts\/3116\/revisions"}],"wp:attachment":[{"href":"https:\/\/serradetramuntana.eu\/index.php?rest_route=%2Fwp%2Fv2%2Fmedia&parent=3116"}],"wp:term":[{"taxonomy":"category","embeddable":true,"href":"https:\/\/serradetramuntana.eu\/index.php?rest_route=%2Fwp%2Fv2%2Fcategories&post=3116"},{"taxonomy":"post_tag","embeddable":true,"href":"https:\/\/serradetramuntana.eu\/index.php?rest_route=%2Fwp%2Fv2%2Ftags&post=3116"}],"curies":[{"name":"wp","href":"https:\/\/api.w.org\/{rel}","templated":true}]}}