{"id":3130,"date":"2021-05-14T21:34:09","date_gmt":"2021-05-14T20:34:09","guid":{"rendered":"https:\/\/www.serradetramuntana.eu\/?p=3130"},"modified":"2021-05-14T21:34:09","modified_gmt":"2021-05-14T20:34:09","slug":"adios-a-un-gran-montanero-una-gran-persona-y-un-referente-en-el-montanismo-mallorquin","status":"publish","type":"post","link":"https:\/\/serradetramuntana.eu\/?p=3130","title":{"rendered":"Adi\u00f3s a un gran monta\u00f1ero, una gran persona y un referente en el monta\u00f1ismo mallorqu\u00edn"},"content":{"rendered":"<span class=\"veure-molts\"><\/span><a href=\"https:\/\/www.serradetramuntana.eu\/?attachment_id=3134\" rel=\"attachment wp-att-3134\"><img class=\"size-full wp-image-3134 alignleft\" src=\"https:\/\/www.serradetramuntana.eu\/wp-content\/uploads\/2021\/05\/pep_torrens.jpg\" alt=\"\" width=\"400\" height=\"225\" \/><\/a>Ayer, 13 de mayo de 2021, nos dej\u00f3 -el muy querido por todos- Pep Torrens. No voy a contar su historia, pues \u00e9l ya lo hizo en esta misma web, en el apartado que hace un tiempo le dedicamos a su persona y sus rutas. No hace muchos a\u00f1os que lo conoc\u00ed, fue el verano del 2013, de la mano del tambi\u00e9n magn\u00edfico monta\u00f1ero y amigo Jaume Tort.<br\/>\r\n\r\nDesde el primer momento fue una de esas personas que te atraen nada m\u00e1s conocerlas, por sus historias sobre pasos y caminos, de c\u00f3mo hac\u00eda las b\u00fasquedas, tanto de la informaci\u00f3n como sobre el terreno, y como no, tambi\u00e9n por sus chistes picantes que siempre nos arrancaban una sonrisa. Siempre era un aut\u00e9ntico placer compartir ruta con \u00e9l y as\u00ed\u00a0quiero recordarlo siempre, con una sonrisa y sudando la camiseta para ense\u00f1arnos caminos nuevos que dej\u00f3 marcados adecuadamente para que siempre prevalezcan en nuestra memoria.<br\/>\r\n\r\nDesde aqu\u00ed mi reconocimiento a una gran persona y monta\u00f1ero, que ha sabido dejar huella en la Serra de Tramuntana y en nuestros corazones.<br\/>\r\n\r\nDescanse en paz.","protected":false},"excerpt":{"rendered":null,"protected":false},"author":4,"featured_media":0,"comment_status":"closed","ping_status":"open","sticky":false,"template":"","format":"standard","meta":[],"categories":[1],"tags":[],"_links":{"self":[{"href":"https:\/\/serradetramuntana.eu\/index.php?rest_route=\/wp\/v2\/posts\/3130"}],"collection":[{"href":"https:\/\/serradetramuntana.eu\/index.php?rest_route=\/wp\/v2\/posts"}],"about":[{"href":"https:\/\/serradetramuntana.eu\/index.php?rest_route=\/wp\/v2\/types\/post"}],"author":[{"embeddable":true,"href":"https:\/\/serradetramuntana.eu\/index.php?rest_route=\/wp\/v2\/users\/4"}],"replies":[{"embeddable":true,"href":"https:\/\/serradetramuntana.eu\/index.php?rest_route=%2Fwp%2Fv2%2Fcomments&post=3130"}],"version-history":[{"count":0,"href":"https:\/\/serradetramuntana.eu\/index.php?rest_route=\/wp\/v2\/posts\/3130\/revisions"}],"wp:attachment":[{"href":"https:\/\/serradetramuntana.eu\/index.php?rest_route=%2Fwp%2Fv2%2Fmedia&parent=3130"}],"wp:term":[{"taxonomy":"category","embeddable":true,"href":"https:\/\/serradetramuntana.eu\/index.php?rest_route=%2Fwp%2Fv2%2Fcategories&post=3130"},{"taxonomy":"post_tag","embeddable":true,"href":"https:\/\/serradetramuntana.eu\/index.php?rest_route=%2Fwp%2Fv2%2Ftags&post=3130"}],"curies":[{"name":"wp","href":"https:\/\/api.w.org\/{rel}","templated":true}]}}