{"id":3152,"date":"2021-06-06T13:53:35","date_gmt":"2021-06-06T12:53:35","guid":{"rendered":"https:\/\/www.serradetramuntana.eu\/?p=3152"},"modified":"2021-06-06T13:53:35","modified_gmt":"2021-06-06T12:53:35","slug":"triste-adios-a-toni-sureda-socay","status":"publish","type":"post","link":"https:\/\/serradetramuntana.eu\/?p=3152","title":{"rendered":"Triste adi\u00f3s a Toni Sureda \u201cSocay\u201d"},"content":{"rendered":"<span class=\"veure-molts\"><\/span><a href=\"https:\/\/www.serradetramuntana.eu\/?attachment_id=3154\" rel=\"attachment wp-att-3154\"><img class=\"size-full wp-image-3154 alignleft\" src=\"https:\/\/www.serradetramuntana.eu\/wp-content\/uploads\/2021\/06\/Entrada_Toni-0006-M-Binifaldo-JGP.jpg\" alt=\"\" width=\"400\" height=\"195\" \/><\/a>No nos acabamos de recuperar del duro golpe de la p\u00e9rdida de un amigo, cuando recibimos otro golpe m\u00e1s duro, si cabe, por lo inesperado.<br\/>\r\n\r\nUno de los monta\u00f1eros con m\u00e1s rutas publicadas a sus espaldas, si no el que m\u00e1s, nos dej\u00f3, ayer s\u00e1bado cinco de junio, para siempre en un fatal accidente haciendo lo que m\u00e1s le gustaba; indagar nuevos caminos y pasos en la monta\u00f1a. Estaba con sus amigos habituales de cordada en la Serra des Cavall Bernat. Un atractivo lugar para los monta\u00f1eros que les gusta las emociones fuertes y a \u00e9l eso, le atra\u00eda especialmente. Yo, como muchos otros, hemos aprendido mucho de \u00e9l, que adem\u00e1s nos deja un importante legado de 1236 rutas publicadas y con numerosa informaci\u00f3n adicional, que ha ido recopilando para completar una magn\u00edfica \u201cbiblioteca de monta\u00f1ismo\u201d, que guardar\u00e9 como oro en pa\u00f1o, al igual que guardar\u00e9 su eterna sonrisa y su amistad siempre en mi coraz\u00f3n.<br\/>\r\n\r\nEra uno de esos amigos dispuesto a ayudarte en cualquier cosa que le pidieras. De hecho, el pasado s\u00e1bado 29 de Mayo, \u00e9l y Jes\u00fas, llevaron a un sobrino m\u00edo al Torrent des Lli para que perdiera el miedo a las alturas. No tuve que insistir. Tanto \u00e9l como Jes\u00fas lo organizaron enseguida para ayudar a mi sobrino. Desgraciadamente no pude acompa\u00f1arles por problemas en una rodilla.<br\/>\r\n\r\nEse era Toni, Socay, siempre dispuesto a compartir sus conocimientos con una eterna sonrisa.<br\/>\r\n\r\nDesde aqu\u00ed mi m\u00e1s sincero p\u00e9same a la familia, especialmente a Mar\u00eda \u2013su mujer- y a sus hijos. P\u00e9same que tambi\u00e9n quiero hacer llegar a todos esos amigos y monta\u00f1eros que hemos disfrutado de la monta\u00f1a junto a \u00e9l.<br\/>\r\n\r\n <br\/>\r\n\r\n <a href=\"https:\/\/serradetramuntana.eu\/?p=3152#more-\" class=\"more-link\">Sigue leyendo <span class=\"meta-nav\">&rarr;<\/span><\/a>","protected":false},"excerpt":{"rendered":null,"protected":false},"author":4,"featured_media":0,"comment_status":"open","ping_status":"closed","sticky":false,"template":"","format":"standard","meta":[],"categories":[1],"tags":[],"_links":{"self":[{"href":"https:\/\/serradetramuntana.eu\/index.php?rest_route=\/wp\/v2\/posts\/3152"}],"collection":[{"href":"https:\/\/serradetramuntana.eu\/index.php?rest_route=\/wp\/v2\/posts"}],"about":[{"href":"https:\/\/serradetramuntana.eu\/index.php?rest_route=\/wp\/v2\/types\/post"}],"author":[{"embeddable":true,"href":"https:\/\/serradetramuntana.eu\/index.php?rest_route=\/wp\/v2\/users\/4"}],"replies":[{"embeddable":true,"href":"https:\/\/serradetramuntana.eu\/index.php?rest_route=%2Fwp%2Fv2%2Fcomments&post=3152"}],"version-history":[{"count":0,"href":"https:\/\/serradetramuntana.eu\/index.php?rest_route=\/wp\/v2\/posts\/3152\/revisions"}],"wp:attachment":[{"href":"https:\/\/serradetramuntana.eu\/index.php?rest_route=%2Fwp%2Fv2%2Fmedia&parent=3152"}],"wp:term":[{"taxonomy":"category","embeddable":true,"href":"https:\/\/serradetramuntana.eu\/index.php?rest_route=%2Fwp%2Fv2%2Fcategories&post=3152"},{"taxonomy":"post_tag","embeddable":true,"href":"https:\/\/serradetramuntana.eu\/index.php?rest_route=%2Fwp%2Fv2%2Ftags&post=3152"}],"curies":[{"name":"wp","href":"https:\/\/api.w.org\/{rel}","templated":true}]}}