{"id":43,"date":"2012-02-08T08:00:15","date_gmt":"2012-02-08T07:00:15","guid":{"rendered":"http:\/\/serradetramuntana.eu\/\/?p=43"},"modified":"2013-02-12T11:56:20","modified_gmt":"2013-02-12T10:56:20","slug":"mallorca-nevada-5-febrero-2012","status":"publish","type":"post","link":"https:\/\/serradetramuntana.eu\/?p=43","title":{"rendered":"Mallorca nevada, 5 febrero 2012"},"content":{"rendered":"<span class=\"veure-molts\"><\/span>El domingo pasado me levant\u00e9 temprano y aproveche para hacer fotos de la nevada en mi barrio y en la zona de la catedral. Aunque no tiene nada que ver con rutas de monta\u00f1a, las subo a la web, ya que es poco frecuente ver tanta nieve en Mallorca. La nevada importante anterior a \u00e9sta, por lo visto cay\u00f3 en febrero de 1956. Espero que os gusten las fotos.","protected":false},"excerpt":{"rendered":null,"protected":false},"author":1,"featured_media":48,"comment_status":"closed","ping_status":"open","sticky":false,"template":"","format":"standard","meta":[],"categories":[1,5],"tags":[],"_links":{"self":[{"href":"https:\/\/serradetramuntana.eu\/index.php?rest_route=\/wp\/v2\/posts\/43"}],"collection":[{"href":"https:\/\/serradetramuntana.eu\/index.php?rest_route=\/wp\/v2\/posts"}],"about":[{"href":"https:\/\/serradetramuntana.eu\/index.php?rest_route=\/wp\/v2\/types\/post"}],"author":[{"embeddable":true,"href":"https:\/\/serradetramuntana.eu\/index.php?rest_route=\/wp\/v2\/users\/1"}],"replies":[{"embeddable":true,"href":"https:\/\/serradetramuntana.eu\/index.php?rest_route=%2Fwp%2Fv2%2Fcomments&post=43"}],"version-history":[{"count":0,"href":"https:\/\/serradetramuntana.eu\/index.php?rest_route=\/wp\/v2\/posts\/43\/revisions"}],"wp:featuredmedia":[{"embeddable":true,"href":"https:\/\/serradetramuntana.eu\/index.php?rest_route=\/wp\/v2\/media\/48"}],"wp:attachment":[{"href":"https:\/\/serradetramuntana.eu\/index.php?rest_route=%2Fwp%2Fv2%2Fmedia&parent=43"}],"wp:term":[{"taxonomy":"category","embeddable":true,"href":"https:\/\/serradetramuntana.eu\/index.php?rest_route=%2Fwp%2Fv2%2Fcategories&post=43"},{"taxonomy":"post_tag","embeddable":true,"href":"https:\/\/serradetramuntana.eu\/index.php?rest_route=%2Fwp%2Fv2%2Ftags&post=43"}],"curies":[{"name":"wp","href":"https:\/\/api.w.org\/{rel}","templated":true}]}}