{"id":684,"date":"2012-07-01T13:44:10","date_gmt":"2012-07-01T12:44:10","guid":{"rendered":"http:\/\/serradetramuntana.eu\/?p=684"},"modified":"2014-10-28T08:47:33","modified_gmt":"2014-10-28T07:47:33","slug":"charla-sobre-los-torrentes-en-el-club-diario-de-mallorca","status":"publish","type":"post","link":"https:\/\/serradetramuntana.eu\/?p=684","title":{"rendered":"Charla sobre los torrentes en el club Diario de Mallorca"},"content":{"rendered":"<span class=\"veure-molts\"><\/span>El pasado jueves 28 de Junio, se celebr\u00f3 en el club del Diario de Mallorca una charla Organizada por el grupo Balearik, sobre los torrentes y el barranquismo en Mallorca. Los ponentes fueron Tomeu Piz\u00e1, presidente del comit\u00e9 de torrentes de la Federaci\u00f3n Balear de Monta\u00f1ismo y Samuel Pinya como t\u00e9nico de Espais de Natura Balear. La noticia del Diario de Mallorca puedes leerla en el siguiente<br\/>\r\n<a href=\"http:\/\/www.diariodemallorca.es\/part-forana\/2012\/06\/29\/serra-cuenta-mejores-torrentes-mundo\/776157.html\" target=\"_blank\">enlace.<\/a><br\/>\r\n\r\nHizo de moderador Damon McShane Armstrong, apasionado barranquista y presidente del grupo Balearik.<br\/>\r\n\r\n <a href=\"https:\/\/serradetramuntana.eu\/?p=684#more-\" class=\"more-link\">Sigue leyendo <span class=\"meta-nav\">&rarr;<\/span><\/a>","protected":false},"excerpt":{"rendered":null,"protected":false},"author":4,"featured_media":686,"comment_status":"closed","ping_status":"open","sticky":false,"template":"","format":"standard","meta":[],"categories":[1,5],"tags":[],"_links":{"self":[{"href":"https:\/\/serradetramuntana.eu\/index.php?rest_route=\/wp\/v2\/posts\/684"}],"collection":[{"href":"https:\/\/serradetramuntana.eu\/index.php?rest_route=\/wp\/v2\/posts"}],"about":[{"href":"https:\/\/serradetramuntana.eu\/index.php?rest_route=\/wp\/v2\/types\/post"}],"author":[{"embeddable":true,"href":"https:\/\/serradetramuntana.eu\/index.php?rest_route=\/wp\/v2\/users\/4"}],"replies":[{"embeddable":true,"href":"https:\/\/serradetramuntana.eu\/index.php?rest_route=%2Fwp%2Fv2%2Fcomments&post=684"}],"version-history":[{"count":0,"href":"https:\/\/serradetramuntana.eu\/index.php?rest_route=\/wp\/v2\/posts\/684\/revisions"}],"wp:featuredmedia":[{"embeddable":true,"href":"https:\/\/serradetramuntana.eu\/index.php?rest_route=\/wp\/v2\/media\/686"}],"wp:attachment":[{"href":"https:\/\/serradetramuntana.eu\/index.php?rest_route=%2Fwp%2Fv2%2Fmedia&parent=684"}],"wp:term":[{"taxonomy":"category","embeddable":true,"href":"https:\/\/serradetramuntana.eu\/index.php?rest_route=%2Fwp%2Fv2%2Fcategories&post=684"},{"taxonomy":"post_tag","embeddable":true,"href":"https:\/\/serradetramuntana.eu\/index.php?rest_route=%2Fwp%2Fv2%2Ftags&post=684"}],"curies":[{"name":"wp","href":"https:\/\/api.w.org\/{rel}","templated":true}]}}