{"id":915,"date":"2012-10-03T22:17:09","date_gmt":"2012-10-03T21:17:09","guid":{"rendered":"http:\/\/serradetramuntana.eu\/?p=915"},"modified":"2013-02-12T11:56:20","modified_gmt":"2013-02-12T10:56:20","slug":"el-cingle-de-sobi-abortada-por-la-lluvia","status":"publish","type":"post","link":"https:\/\/serradetramuntana.eu\/?p=915","title":{"rendered":"El Cingle de s&#8217;Obi, abortada por la lluvia"},"content":{"rendered":"<span class=\"veure-molts\"><\/span>El pasado domingo 30 de septiembre, ten\u00eda previsto realizar el GEM como salida de Trekking Avan\u00e7at, el Cingle de s'Obi, guiados por Joan Miquel Mut. A pesar de la mala previsi\u00f3n meteorol\u00f3gica, aprovechamos un claro entre las nubes para intentar la ruta. Tuvimos un buen rato de tregua, pero al final se cumpli\u00f3 el pron\u00f3stico y nos cogi\u00f3 la lluvia. Tuvimos que abortar la excursi\u00f3n y qued\u00f3 aplazada para el pr\u00f3ximo a\u00f1o.<br\/>\r\n\r\nS\u00f3lo conoc\u00eda parte de la ruta, por lo que me hubiese gustado mucho poderla completar, pero...\u00a1habr\u00e1 que esperar! <a href=\"https:\/\/serradetramuntana.eu\/?p=915#more-\" class=\"more-link\">Sigue leyendo <span class=\"meta-nav\">&rarr;<\/span><\/a>","protected":false},"excerpt":{"rendered":null,"protected":false},"author":4,"featured_media":916,"comment_status":"open","ping_status":"closed","sticky":false,"template":"","format":"standard","meta":[],"categories":[1,5],"tags":[],"_links":{"self":[{"href":"https:\/\/serradetramuntana.eu\/index.php?rest_route=\/wp\/v2\/posts\/915"}],"collection":[{"href":"https:\/\/serradetramuntana.eu\/index.php?rest_route=\/wp\/v2\/posts"}],"about":[{"href":"https:\/\/serradetramuntana.eu\/index.php?rest_route=\/wp\/v2\/types\/post"}],"author":[{"embeddable":true,"href":"https:\/\/serradetramuntana.eu\/index.php?rest_route=\/wp\/v2\/users\/4"}],"replies":[{"embeddable":true,"href":"https:\/\/serradetramuntana.eu\/index.php?rest_route=%2Fwp%2Fv2%2Fcomments&post=915"}],"version-history":[{"count":0,"href":"https:\/\/serradetramuntana.eu\/index.php?rest_route=\/wp\/v2\/posts\/915\/revisions"}],"wp:featuredmedia":[{"embeddable":true,"href":"https:\/\/serradetramuntana.eu\/index.php?rest_route=\/wp\/v2\/media\/916"}],"wp:attachment":[{"href":"https:\/\/serradetramuntana.eu\/index.php?rest_route=%2Fwp%2Fv2%2Fmedia&parent=915"}],"wp:term":[{"taxonomy":"category","embeddable":true,"href":"https:\/\/serradetramuntana.eu\/index.php?rest_route=%2Fwp%2Fv2%2Fcategories&post=915"},{"taxonomy":"post_tag","embeddable":true,"href":"https:\/\/serradetramuntana.eu\/index.php?rest_route=%2Fwp%2Fv2%2Ftags&post=915"}],"curies":[{"name":"wp","href":"https:\/\/api.w.org\/{rel}","templated":true}]}}